{"id":12855,"date":"2026-04-28T18:17:07","date_gmt":"2026-04-28T18:17:07","guid":{"rendered":"https:\/\/sp1stanislawdolny.edu.pl\/?p=12855"},"modified":"2026-04-28T18:17:07","modified_gmt":"2026-04-28T18:17:07","slug":"swiatowy-dzien-ksiazki-i-praw-autorskich","status":"publish","type":"post","link":"http:\/\/sp1stanislawdolny.edu.pl\/index.php\/2026\/04\/28\/swiatowy-dzien-ksiazki-i-praw-autorskich\/","title":{"rendered":"\u015awiatowy Dzie\u0144 Ksi\u0105\u017cki i Praw Autorskich"},"content":{"rendered":"<p>23 kwietnia obchodzony by\u0142 \u015awiatowy Dzie\u0144 Ksi\u0105\u017cki i Praw Autorskich.<\/p>\n<p>W bibliotece szkolnej czytelnicy mieli okazj\u0119 zobaczy\u0107 wystawi\u0119 i przeczyta\u0107 pierwsze ksi\u0105\u017cki, napisane kilkana\u015bcie lat temu, przez dzi\u015b ju\u017c doros\u0142ych uczni\u00f3w.<\/p>\n<p><a href=\"http:\/\/sp1stanislawdolny.edu.pl\/wp-content\/uploads\/2026\/04\/20260427_092537-1.jpg\"><img loading=\"lazy\" decoding=\"async\" class=\"alignnone size-thumbnail wp-image-12859\" src=\"http:\/\/sp1stanislawdolny.edu.pl\/wp-content\/uploads\/2026\/04\/20260427_092537-1-150x150.jpg\" alt=\"\" width=\"150\" height=\"150\"><\/a> <a href=\"http:\/\/sp1stanislawdolny.edu.pl\/wp-content\/uploads\/2026\/04\/20260427_092548-1.jpg\"><img loading=\"lazy\" decoding=\"async\" class=\"alignnone size-thumbnail wp-image-12860\" src=\"http:\/\/sp1stanislawdolny.edu.pl\/wp-content\/uploads\/2026\/04\/20260427_092548-1-150x150.jpg\" alt=\"\" width=\"150\" height=\"150\"><\/a> <a href=\"http:\/\/sp1stanislawdolny.edu.pl\/wp-content\/uploads\/2026\/04\/20260427_092631-1.jpg\"><img loading=\"lazy\" decoding=\"async\" class=\"alignnone size-thumbnail wp-image-12861\" src=\"http:\/\/sp1stanislawdolny.edu.pl\/wp-content\/uploads\/2026\/04\/20260427_092631-1-150x150.jpg\" alt=\"\" width=\"150\" height=\"150\"><\/a><\/p>\n","protected":false},"excerpt":{"rendered":"<p>23 kwietnia obchodzony by\u0142 \u015awiatowy Dzie\u0144 Ksi\u0105\u017cki i Praw Autorskich. W bibliotece szkolnej czytelnicy mieli okazj\u0119 zobaczy\u0107 wystawi\u0119 i przeczyta\u0107 pierwsze ksi\u0105\u017cki, napisane kilkana\u015bcie lat temu, przez dzi\u015b ju\u017c doros\u0142ych uczni\u00f3w.<\/p>\n","protected":false},"author":1,"featured_media":0,"comment_status":"closed","ping_status":"closed","sticky":false,"template":"","format":"standard","meta":{"ngg_post_thumbnail":0,"footnotes":""},"categories":[1],"tags":[],"class_list":["post-12855","post","type-post","status-publish","format-standard","hentry","category-uncategorized"],"_links":{"self":[{"href":"http:\/\/sp1stanislawdolny.edu.pl\/index.php\/wp-json\/wp\/v2\/posts\/12855","targetHints":{"allow":["GET"]}}],"collection":[{"href":"http:\/\/sp1stanislawdolny.edu.pl\/index.php\/wp-json\/wp\/v2\/posts"}],"about":[{"href":"http:\/\/sp1stanislawdolny.edu.pl\/index.php\/wp-json\/wp\/v2\/types\/post"}],"author":[{"embeddable":true,"href":"http:\/\/sp1stanislawdolny.edu.pl\/index.php\/wp-json\/wp\/v2\/users\/1"}],"replies":[{"embeddable":true,"href":"http:\/\/sp1stanislawdolny.edu.pl\/index.php\/wp-json\/wp\/v2\/comments?post=12855"}],"version-history":[{"count":1,"href":"http:\/\/sp1stanislawdolny.edu.pl\/index.php\/wp-json\/wp\/v2\/posts\/12855\/revisions"}],"predecessor-version":[{"id":12862,"href":"http:\/\/sp1stanislawdolny.edu.pl\/index.php\/wp-json\/wp\/v2\/posts\/12855\/revisions\/12862"}],"wp:attachment":[{"href":"http:\/\/sp1stanislawdolny.edu.pl\/index.php\/wp-json\/wp\/v2\/media?parent=12855"}],"wp:term":[{"taxonomy":"category","embeddable":true,"href":"http:\/\/sp1stanislawdolny.edu.pl\/index.php\/wp-json\/wp\/v2\/categories?post=12855"},{"taxonomy":"post_tag","embeddable":true,"href":"http:\/\/sp1stanislawdolny.edu.pl\/index.php\/wp-json\/wp\/v2\/tags?post=12855"}],"curies":[{"name":"wp","href":"https:\/\/api.w.org\/{rel}","templated":true}]}}