{"id":11711,"date":"2025-09-23T13:01:29","date_gmt":"2025-09-23T13:01:29","guid":{"rendered":"http:\/\/sp1stanislawdolny.edu.pl\/?p=11711"},"modified":"2025-09-23T13:01:29","modified_gmt":"2025-09-23T13:01:29","slug":"sprzatanie-swiata-3","status":"publish","type":"post","link":"http:\/\/sp1stanislawdolny.edu.pl\/index.php\/2025\/09\/23\/sprzatanie-swiata-3\/","title":{"rendered":"Sprz\u0105tanie \u015awiata"},"content":{"rendered":"<p>W naszej szkole we wrze\u015bniu odby\u0142y si\u0119 dwie wa\u017cne akcje ekologiczne, w kt\u00f3rych aktywnie uczestniczy\u0142a ca\u0142a spo\u0142eczno\u015b\u0107 szkolna.<\/p>\n<p>W dniach&nbsp;15-19&nbsp;wrze\u015bnia przeprowadzili\u015bmy coroczn\u0105 akcj\u0119 <strong>\u201eSprz\u0105tanie \u015awiata \u2013 Polska\u201d.<\/strong> Uczniowie wraz z nauczycielami wyruszyli w wyznaczone rejony, zbieraj\u0105c \u015bmieci i porz\u0105dkuj\u0105c teren wok\u00f3\u0142 szko\u0142y oraz pobliskie miejsca. Ka\u017cda klasa zosta\u0142a wyposa\u017cona w worki na \u015bmieci i r\u0119kawiczki ochronne. Celem akcji by\u0142o nie tylko&nbsp;posprz\u0105tanie najbli\u017cszego otoczenia, ale tak\u017ce kszta\u0142towanie postaw proekologicznych i zwi\u0119kszenie \u015bwiadomo\u015bci na temat ochrony \u015brodowiska. Dzi\u0119ki wsp\u00f3lnemu zaanga\u017cowaniu zebrano du\u017c\u0105 ilo\u015b\u0107 odpad\u00f3w, kt\u00f3re zosta\u0142y przekazane do utylizacji.<\/p>\n<p>Natomiast harcerze z naszej szko\u0142y wzi\u0119li udzia\u0142 w akcji <strong>\u201eCzyste Beskidy\u201d<\/strong>, kt\u00f3ra polega\u0142a na sprz\u0105taniu szlak\u00f3w g\u00f3rskich. Celem tego przedsi\u0119wzi\u0119cia by\u0142o promowanie odpowiedzialnej turystyki, dba\u0142o\u015bci o natur\u0119 oraz zach\u0119canie do aktywnego sp\u0119dzania czasu w zgodzie z przyrod\u0105. Harcerze z zaanga\u017cowaniem zbierali \u015bmieci pozostawione na trasach w\u0119drownych, daj\u0105c przyk\u0142ad, jak wa\u017cna jest troska o \u015brodowisko \u2013 nie tylko w miejscu zamieszkania, ale r\u00f3wnie\u017c podczas wypoczynku.<\/p>\n<p>Obie akcje przebieg\u0142y w atmosferze zaanga\u017cowania, wsp\u00f3\u0142pracy i troski o \u015brodowisko. By\u0142y nie tylko warto\u015bciowymi lekcjami ekologii, ale r\u00f3wnie\u017c \u015bwietn\u0105 okazj\u0105 do integracji i dzia\u0142ania na rzecz wsp\u00f3lnego dobra. Mamy nadziej\u0119, \u017ce tego typu inicjatywy b\u0119d\u0105 kontynuowane r\u00f3wnie\u017c w kolejnych latach.<\/p>\nngg_shortcode_0_placeholder\n","protected":false},"excerpt":{"rendered":"<p>W naszej szkole we wrze\u015bniu odby\u0142y si\u0119 dwie wa\u017cne akcje ekologiczne, w kt\u00f3rych aktywnie uczestniczy\u0142a ca\u0142a spo\u0142eczno\u015b\u0107 szkolna. W dniach&nbsp;15-19&nbsp;wrze\u015bnia przeprowadzili\u015bmy coroczn\u0105 akcj\u0119 \u201eSprz\u0105tanie \u015awiata \u2013 Polska\u201d. Uczniowie wraz z nauczycielami wyruszyli w wyznaczone rejony, zbieraj\u0105c \u015bmieci i porz\u0105dkuj\u0105c teren wok\u00f3\u0142 szko\u0142y oraz pobliskie miejsca. Ka\u017cda klasa zosta\u0142a wyposa\u017cona w worki na \u015bmieci i r\u0119kawiczki\u2026 <span class=\"read-more\"><a href=\"http:\/\/sp1stanislawdolny.edu.pl\/index.php\/2025\/09\/23\/sprzatanie-swiata-3\/\">Dowiedz si\u0119 wi\u0119cej &raquo;<\/a><\/span><\/p>\n","protected":false},"author":1,"featured_media":0,"comment_status":"closed","ping_status":"closed","sticky":false,"template":"","format":"standard","meta":{"ngg_post_thumbnail":0,"footnotes":""},"categories":[1],"tags":[],"class_list":["post-11711","post","type-post","status-publish","format-standard","hentry","category-uncategorized"],"_links":{"self":[{"href":"http:\/\/sp1stanislawdolny.edu.pl\/index.php\/wp-json\/wp\/v2\/posts\/11711","targetHints":{"allow":["GET"]}}],"collection":[{"href":"http:\/\/sp1stanislawdolny.edu.pl\/index.php\/wp-json\/wp\/v2\/posts"}],"about":[{"href":"http:\/\/sp1stanislawdolny.edu.pl\/index.php\/wp-json\/wp\/v2\/types\/post"}],"author":[{"embeddable":true,"href":"http:\/\/sp1stanislawdolny.edu.pl\/index.php\/wp-json\/wp\/v2\/users\/1"}],"replies":[{"embeddable":true,"href":"http:\/\/sp1stanislawdolny.edu.pl\/index.php\/wp-json\/wp\/v2\/comments?post=11711"}],"version-history":[{"count":1,"href":"http:\/\/sp1stanislawdolny.edu.pl\/index.php\/wp-json\/wp\/v2\/posts\/11711\/revisions"}],"predecessor-version":[{"id":11712,"href":"http:\/\/sp1stanislawdolny.edu.pl\/index.php\/wp-json\/wp\/v2\/posts\/11711\/revisions\/11712"}],"wp:attachment":[{"href":"http:\/\/sp1stanislawdolny.edu.pl\/index.php\/wp-json\/wp\/v2\/media?parent=11711"}],"wp:term":[{"taxonomy":"category","embeddable":true,"href":"http:\/\/sp1stanislawdolny.edu.pl\/index.php\/wp-json\/wp\/v2\/categories?post=11711"},{"taxonomy":"post_tag","embeddable":true,"href":"http:\/\/sp1stanislawdolny.edu.pl\/index.php\/wp-json\/wp\/v2\/tags?post=11711"}],"curies":[{"name":"wp","href":"https:\/\/api.w.org\/{rel}","templated":true}]}}